{"id":326,"date":"2025-10-10T11:01:48","date_gmt":"2025-10-10T11:01:48","guid":{"rendered":"https:\/\/rafonden.dk\/?p=326"},"modified":"2025-10-10T12:17:09","modified_gmt":"2025-10-10T12:17:09","slug":"326","status":"publish","type":"post","link":"https:\/\/rafonden.dk\/index.php\/2025\/10\/10\/326\/","title":{"rendered":"Forsker: Byplanl\u00e6gning og -design kan styrke den kollektive trafik"},"content":{"rendered":"<div class=\"entry\">\n\n\n<p>G\u00fclin G\u00f6ksu Ba\u015faran, Postdoc, Danmarks Tekniske Universitet modtog mandag den 6. oktober RA&#8217;s St\u00f8ttefonds Forskningspris 2025 for et akademisk arbejde af h\u00f8j videnskabelig og metodisk kvalitet. <\/p>\n\n\n\n<p>Det var med PhD-afhandlingen <em>Passenger Behaviour, Terminal Design and Urban Surroundings for Attractive Public Transport<\/em>, at den unge forsker gjorde sig fortjent til h\u00e6deren. <\/p>\n\n\n\n<figure class=\"wp-block-image size-large\"><img loading=\"lazy\" width=\"1024\" height=\"768\" src=\"https:\/\/rafonden.dk\/wp-content\/uploads\/2025\/10\/Prisoverraekkelse-1024x768.jpg\" alt=\"\" class=\"wp-image-327\" srcset=\"https:\/\/rafonden.dk\/wp-content\/uploads\/2025\/10\/Prisoverraekkelse-1024x768.jpg 1024w, https:\/\/rafonden.dk\/wp-content\/uploads\/2025\/10\/Prisoverraekkelse-300x225.jpg 300w, https:\/\/rafonden.dk\/wp-content\/uploads\/2025\/10\/Prisoverraekkelse-768x576.jpg 768w, https:\/\/rafonden.dk\/wp-content\/uploads\/2025\/10\/Prisoverraekkelse-1536x1152.jpg 1536w, https:\/\/rafonden.dk\/wp-content\/uploads\/2025\/10\/Prisoverraekkelse.jpg 2048w\" sizes=\"(max-width: 1024px) 100vw, 1024px\" \/><figcaption>Prisoverr\u00e6kkelsen fandt sted p\u00e5 Kollektiv Trafik Konferencen 2025 i K\u00f8benhavn <\/figcaption><\/figure>\n\n\n\n<p>Bed\u00f8mmelseskomit\u00e9en vurderede:<\/p>\n\n\n\n<blockquote class=\"wp-block-quote\"><p>&#8220;Afhandlingen best\u00e5r af af fem selvst\u00e6ndige artikler, hvoraf flere allerede er blevet publiceret i velrenommerede, internationale artikler. De fem artikler udg\u00f8r i sammenh\u00e6ng et godt, samlet, videnskabeligt og empirisk grundlag for at forst\u00e5 og l\u00f8se \u00e9n af de st\u00f8rste udfordringer i den kollektive trafik: Nemlig at forst\u00e5 sammenh\u00e6ngen mellem udformningen af de bebyggede milj\u00f8 omkring den kollektive trafik (stationer og stoppesteder), oplevelsen af tryghed, valget af transportmiddel samt tilfredsheden og den f\u00f8lelsesm\u00e6ssige oplevelse hos passagererne.<\/p><p>G\u00fclin G\u00f6ksu Ba\u015farans grundige og tv\u00e6rfaglige arbejde udg\u00f8r derfor ogs\u00e5 et godt grundlag for praktikere og beslutningstagere indenfor fysisk planl\u00e6gning, byudvikling, kollektiv transport og mobilitet, der st\u00e5r med udfordringerne med at sikre en social, \u00f8konomiske og milj\u00f8m\u00e6ssig b\u00e6redygtig transport med kollektiv trafik i en central rolle.&#8221;<\/p><\/blockquote>\n\n\n\n<p>Det var sjette gang prisen blev uddelt. Med prisen f\u00f8lger et forskningslegat p\u00e5 50.000 kr.<\/p>\n\n\n\n<p>Find og l\u00e6s afhandlingen p\u00e5 dette <a rel=\"noreferrer noopener\" href=\"https:\/\/orbit.dtu.dk\/en\/publications\/passenger-behaviour-terminal-design-and-urban-surroundings-for-at\" target=\"_blank\">link (DTU<\/a>)<\/p>\n\n\n<\/div><a class=\"synved-social-button synved-social-button-share synved-social-size-48 synved-social-resolution-single synved-social-provider-facebook nolightbox\" data-provider=\"facebook\" target=\"_blank\" rel=\"nofollow\" title=\"Share on Facebook\" href=\"https:\/\/www.facebook.com\/sharer.php?u=https%3A%2F%2Frafonden.dk%2Findex.php%2Fwp-json%2Fwp%2Fv2%2Fposts%2F326&#038;t=Forsker%3A%20Byplanl%C3%A6gning%20og%20-design%20kan%20styrke%20den%20kollektive%20trafik&#038;s=100&#038;p&#091;url&#093;=https%3A%2F%2Frafonden.dk%2Findex.php%2Fwp-json%2Fwp%2Fv2%2Fposts%2F326&#038;p&#091;images&#093;&#091;0&#093;=https%3A%2F%2Frafonden.dk%2Fwp-content%2Fuploads%2F2025%2F10%2FPrisoverraekkelse-1024x768.jpg&#038;p&#091;title&#093;=Forsker%3A%20Byplanl%C3%A6gning%20og%20-design%20kan%20styrke%20den%20kollektive%20trafik\" style=\"font-size: 0px; width:48px;height:48px;margin:0;margin-bottom:5px;margin-right:5px;\"><img alt=\"Facebook\" title=\"Share on Facebook\" class=\"synved-share-image synved-social-image synved-social-image-share\" width=\"48\" height=\"48\" style=\"display: inline; width:48px;height:48px; margin: 0; padding: 0; border: none; box-shadow: none;\" src=\"https:\/\/rafonden.dk\/wp-content\/plugins\/social-media-feather\/synved-social\/image\/social\/regular\/96x96\/facebook.png\" \/><\/a><a class=\"synved-social-button synved-social-button-share synved-social-size-48 synved-social-resolution-single synved-social-provider-twitter nolightbox\" data-provider=\"twitter\" target=\"_blank\" rel=\"nofollow\" title=\"Share on Twitter\" href=\"https:\/\/twitter.com\/intent\/tweet?url=https%3A%2F%2Frafonden.dk%2Findex.php%2Fwp-json%2Fwp%2Fv2%2Fposts%2F326&#038;text=Hey%20check%20this%20out\" style=\"font-size: 0px; width:48px;height:48px;margin:0;margin-bottom:5px;margin-right:5px;\"><img alt=\"twitter\" title=\"Share on Twitter\" class=\"synved-share-image synved-social-image synved-social-image-share\" width=\"48\" height=\"48\" style=\"display: inline; width:48px;height:48px; margin: 0; padding: 0; border: none; box-shadow: none;\" src=\"https:\/\/rafonden.dk\/wp-content\/plugins\/social-media-feather\/synved-social\/image\/social\/regular\/96x96\/twitter.png\" \/><\/a><a class=\"synved-social-button synved-social-button-share synved-social-size-48 synved-social-resolution-single synved-social-provider-linkedin nolightbox\" data-provider=\"linkedin\" target=\"_blank\" rel=\"nofollow\" title=\"Share on Linkedin\" href=\"https:\/\/www.linkedin.com\/shareArticle?mini=true&#038;url=https%3A%2F%2Frafonden.dk%2Findex.php%2Fwp-json%2Fwp%2Fv2%2Fposts%2F326&#038;title=Forsker%3A%20Byplanl%C3%A6gning%20og%20-design%20kan%20styrke%20den%20kollektive%20trafik\" style=\"font-size: 0px; width:48px;height:48px;margin:0;margin-bottom:5px;margin-right:5px;\"><img alt=\"linkedin\" title=\"Share on Linkedin\" class=\"synved-share-image synved-social-image synved-social-image-share\" width=\"48\" height=\"48\" style=\"display: inline; width:48px;height:48px; margin: 0; padding: 0; border: none; box-shadow: none;\" src=\"https:\/\/rafonden.dk\/wp-content\/plugins\/social-media-feather\/synved-social\/image\/social\/regular\/96x96\/linkedin.png\" \/><\/a><a class=\"synved-social-button synved-social-button-share synved-social-size-48 synved-social-resolution-single synved-social-provider-mail nolightbox\" data-provider=\"mail\" rel=\"nofollow\" title=\"Share by email\" href=\"mailto:?subject=Forsker%3A%20Byplanl%C3%A6gning%20og%20-design%20kan%20styrke%20den%20kollektive%20trafik&#038;body=Hey%20check%20this%20out:%20https%3A%2F%2Frafonden.dk%2Findex.php%2Fwp-json%2Fwp%2Fv2%2Fposts%2F326\" style=\"font-size: 0px; width:48px;height:48px;margin:0;margin-bottom:5px;\"><img alt=\"mail\" title=\"Share by email\" class=\"synved-share-image synved-social-image synved-social-image-share\" width=\"48\" height=\"48\" style=\"display: inline; width:48px;height:48px; margin: 0; padding: 0; border: none; box-shadow: none;\" src=\"https:\/\/rafonden.dk\/wp-content\/plugins\/social-media-feather\/synved-social\/image\/social\/regular\/96x96\/mail.png\" \/><\/a>","protected":false},"excerpt":{"rendered":"<p>G\u00fclin G\u00f6ksu Ba\u015faran, Postdoc, Danmarks Tekniske Universitet modtog mandag den 6. oktober RA&#8217;s St\u00f8ttefonds Forskningspris 2025 for et akademisk arbejde af h\u00f8j videnskabelig og metodisk kvalitet. Det var med PhD-afhandlingen Passenger Behaviour, Terminal Design and Urban Surroundings for Attractive Public Transport, at den unge forsker gjorde sig fortjent til h\u00e6deren. Bed\u00f8mmelseskomit\u00e9en vurderede: &#8220;Afhandlingen best\u00e5r af &#8230;<\/p>\n","protected":false},"author":1,"featured_media":0,"comment_status":"closed","ping_status":"closed","sticky":false,"template":"","format":"standard","meta":[],"categories":[1],"tags":[9],"_links":{"self":[{"href":"https:\/\/rafonden.dk\/index.php\/wp-json\/wp\/v2\/posts\/326"}],"collection":[{"href":"https:\/\/rafonden.dk\/index.php\/wp-json\/wp\/v2\/posts"}],"about":[{"href":"https:\/\/rafonden.dk\/index.php\/wp-json\/wp\/v2\/types\/post"}],"author":[{"embeddable":true,"href":"https:\/\/rafonden.dk\/index.php\/wp-json\/wp\/v2\/users\/1"}],"replies":[{"embeddable":true,"href":"https:\/\/rafonden.dk\/index.php\/wp-json\/wp\/v2\/comments?post=326"}],"version-history":[{"count":4,"href":"https:\/\/rafonden.dk\/index.php\/wp-json\/wp\/v2\/posts\/326\/revisions"}],"predecessor-version":[{"id":334,"href":"https:\/\/rafonden.dk\/index.php\/wp-json\/wp\/v2\/posts\/326\/revisions\/334"}],"wp:attachment":[{"href":"https:\/\/rafonden.dk\/index.php\/wp-json\/wp\/v2\/media?parent=326"}],"wp:term":[{"taxonomy":"category","embeddable":true,"href":"https:\/\/rafonden.dk\/index.php\/wp-json\/wp\/v2\/categories?post=326"},{"taxonomy":"post_tag","embeddable":true,"href":"https:\/\/rafonden.dk\/index.php\/wp-json\/wp\/v2\/tags?post=326"}],"curies":[{"name":"wp","href":"https:\/\/api.w.org\/{rel}","templated":true}]}}